{"id":5171,"date":"2023-03-06T00:00:43","date_gmt":"2023-03-05T23:00:43","guid":{"rendered":"https:\/\/www.woodfashion.net\/geen-onderdeel-van-een-categorie\/wood-fashion-de-keukenspecialist-op-maat-in-waterloo\/"},"modified":"2024-05-16T09:30:14","modified_gmt":"2024-05-16T07:30:14","slug":"wood-fashion-de-keukenspecialist-op-maat-in-waterloo","status":"publish","type":"post","link":"https:\/\/www.woodfashion.net\/nl\/nieuws\/wood-fashion-de-keukenspecialist-op-maat-in-waterloo\/","title":{"rendered":"Wood Fashion, de keukenspecialist op maat in Waterloo"},"content":{"rendered":"\t\t<div data-elementor-type=\"wp-post\" data-elementor-id=\"5171\" class=\"elementor elementor-5171 elementor-3536\" data-elementor-post-type=\"post\">\n\t\t\t\t<div class=\"elementor-element elementor-element-ffb8215 e-flex e-con-boxed e-con e-parent\" data-id=\"ffb8215\" data-element_type=\"container\" data-e-type=\"container\" data-settings=\"{&quot;background_background&quot;:&quot;classic&quot;}\">\n\t\t\t\t\t<div class=\"e-con-inner\">\n\t\t\t\t<div class=\"elementor-element elementor-element-759df19 elementor-invisible elementor-widget elementor-widget-heading\" data-id=\"759df19\" data-element_type=\"widget\" data-e-type=\"widget\" data-settings=\"{&quot;_animation&quot;:&quot;fadeInDown&quot;}\" data-widget_type=\"heading.default\">\n\t\t\t\t<div class=\"elementor-widget-container\">\n\t\t\t\t\t<h1 class=\"elementor-heading-title elementor-size-default\">Wood Fashion<span>Keukenspecialist op maat in Waterloo <\/span><\/h1>\t\t\t\t<\/div>\n\t\t\t\t<\/div>\n\t\t\t\t\t<\/div>\n\t\t\t\t<\/div>\n\t\t<div class=\"elementor-element elementor-element-587ecac e-flex e-con-boxed e-con e-parent\" data-id=\"587ecac\" data-element_type=\"container\" data-e-type=\"container\">\n\t\t\t\t\t<div class=\"e-con-inner\">\n\t\t<div class=\"elementor-element elementor-element-a0d99eb e-con-full e-flex e-con e-child\" data-id=\"a0d99eb\" data-element_type=\"container\" data-e-type=\"container\">\n\t\t\t\t<div class=\"elementor-element elementor-element-72d11fa elementor-widget elementor-widget-heading\" data-id=\"72d11fa\" data-element_type=\"widget\" data-e-type=\"widget\" data-settings=\"{&quot;_animation&quot;:&quot;none&quot;}\" data-widget_type=\"heading.default\">\n\t\t\t\t<div class=\"elementor-widget-container\">\n\t\t\t\t\t<h2 class=\"elementor-heading-title elementor-size-default\"><span>Keukens op maat\n<\/span><br>voor alle stijlen<\/h2>\t\t\t\t<\/div>\n\t\t\t\t<\/div>\n\t\t\t\t<div class=\"elementor-element elementor-element-02e091a elementor-widget-divider--view-line elementor-invisible elementor-widget elementor-widget-divider\" data-id=\"02e091a\" data-element_type=\"widget\" data-e-type=\"widget\" data-settings=\"{&quot;_animation&quot;:&quot;slideInLeft&quot;}\" data-widget_type=\"divider.default\">\n\t\t\t\t<div class=\"elementor-widget-container\">\n\t\t\t\t\t\t\t<div class=\"elementor-divider\">\n\t\t\t<span class=\"elementor-divider-separator\">\n\t\t\t\t\t\t<\/span>\n\t\t<\/div>\n\t\t\t\t\t\t<\/div>\n\t\t\t\t<\/div>\n\t\t\t\t<div class=\"elementor-element elementor-element-eb64d73 elementor-widget elementor-widget-text-editor\" data-id=\"eb64d73\" data-element_type=\"widget\" data-e-type=\"widget\" data-widget_type=\"text-editor.default\">\n\t\t\t\t<div class=\"elementor-widget-container\">\n\t\t\t\t\t\t\t\t\t<p>Chez Wood Fashion, nous vous proposons une gamme compl\u00e8te de cuisines sur mesure pour tous les styles. Que vous recherchiez une cuisine contemporaine, une cuisine traditionnelle ou une cuisine moderne, notre \u00e9quipe de designers professionnels cr\u00e9era la cuisine de vos r\u00eaves en fonction de vos go\u00fbts et de vos besoins. Nous travaillons avec des mat\u00e9riaux haut de gamme pour cr\u00e9er des cuisines sur mesure de qualit\u00e9 sup\u00e9rieure qui r\u00e9pondent \u00e0 toutes vos exigences.<\/p>\n<p>Le choix du style de votre cuisine sur mesure d\u00e9pendra des vos go\u00fbts personnels, de votre budget et de l&#8217;environnement de votre maison ou appartement. Les possibilit\u00e9s sont innombrables.<\/p>\n\t\t\t\t\t\t\t\t<\/div>\n\t\t\t\t<\/div>\n\t\t\t\t<\/div>\n\t\t<div class=\"elementor-element elementor-element-8d63962 e-con-full e-flex elementor-invisible e-con e-child\" data-id=\"8d63962\" data-element_type=\"container\" data-e-type=\"container\" data-settings=\"{&quot;background_background&quot;:&quot;classic&quot;,&quot;animation&quot;:&quot;fadeIn&quot;,&quot;background_motion_fx_motion_fx_scrolling&quot;:&quot;yes&quot;,&quot;background_motion_fx_translateY_effect&quot;:&quot;yes&quot;,&quot;background_motion_fx_translateY_speed&quot;:{&quot;unit&quot;:&quot;px&quot;,&quot;size&quot;:4,&quot;sizes&quot;:[]},&quot;background_motion_fx_translateY_affectedRange&quot;:{&quot;unit&quot;:&quot;%&quot;,&quot;size&quot;:&quot;&quot;,&quot;sizes&quot;:{&quot;start&quot;:0,&quot;end&quot;:100}},&quot;background_motion_fx_devices&quot;:[&quot;desktop&quot;,&quot;tablet_extra&quot;,&quot;tablet&quot;,&quot;mobile&quot;]}\">\n\t\t\t\t<\/div>\n\t\t\t\t\t<\/div>\n\t\t\t\t<\/div>\n\t\t<div class=\"elementor-element elementor-element-e9626cf e-flex e-con-boxed e-con e-parent\" data-id=\"e9626cf\" data-element_type=\"container\" data-e-type=\"container\" data-settings=\"{&quot;background_background&quot;:&quot;classic&quot;}\">\n\t\t\t\t\t<div class=\"e-con-inner\">\n\t\t\t\t<div class=\"elementor-element elementor-element-d61c88b elementor-widget elementor-widget-heading\" data-id=\"d61c88b\" data-element_type=\"widget\" data-e-type=\"widget\" data-settings=\"{&quot;_animation&quot;:&quot;none&quot;}\" data-widget_type=\"heading.default\">\n\t\t\t\t<div class=\"elementor-widget-container\">\n\t\t\t\t\t<h2 class=\"elementor-heading-title elementor-size-default\"><span>De verschillende stijlen keukens op maat:<\/span><br>een paar voorbeelden<\/h2>\t\t\t\t<\/div>\n\t\t\t\t<\/div>\n\t\t\t\t<div class=\"elementor-element elementor-element-c675bdd elementor-widget-divider--view-line elementor-invisible elementor-widget elementor-widget-divider\" data-id=\"c675bdd\" data-element_type=\"widget\" data-e-type=\"widget\" data-settings=\"{&quot;_animation&quot;:&quot;slideInLeft&quot;}\" data-widget_type=\"divider.default\">\n\t\t\t\t<div class=\"elementor-widget-container\">\n\t\t\t\t\t\t\t<div class=\"elementor-divider\">\n\t\t\t<span class=\"elementor-divider-separator\">\n\t\t\t\t\t\t<\/span>\n\t\t<\/div>\n\t\t\t\t\t\t<\/div>\n\t\t\t\t<\/div>\n\t\t\t\t<div class=\"elementor-element elementor-element-b84178f galerie_accordion elementor-invisible elementor-widget elementor-widget-eael-image-accordion\" data-id=\"b84178f\" data-element_type=\"widget\" data-e-type=\"widget\" data-settings=\"{&quot;_animation&quot;:&quot;fadeIn&quot;}\" data-widget_type=\"eael-image-accordion.default\">\n\t\t\t\t<div class=\"elementor-widget-container\">\n\t\t\t\t\t    <div class=\"eael-img-accordion accordion-direction-horizontal eael-img-accordion-horizontal-align-center eael-img-accordion-vertical-align-center\" id=\"eael-img-accordion-b84178f\" data-img-accordion-id=\"b84178f\" data-img-accordion-type=\"on-hover\">\n                    \n            <div class=\"eael-image-accordion-hover eael-image-accordion-item overlay-active\" style=\"background-image: url(https:\/\/www.woodfashion.net\/wp-content\/uploads\/2024\/04\/cuisine-sur-mesure.webp); flex: 3 1 0%;\"  tabindex=\"0\">\n                <div class=\"overlay\">\n                                        <div class=\"overlay-inner  overlay-inner-show\">\n                        <h3 class=\"img-accordion-title\">Eigentijdse keuken<\/h3>                            <p><p>Ce type de cuisine se caract\u00e9rise par des lignes \u00e9pur\u00e9es, des mat\u00e9riaux modernes tels que l&#8217;acier inoxydable, le verre et les surfaces en b\u00e9ton. Les couleurs sont le plus souvent neutres et les finitions lisses.<\/p>\n<\/p>\n                                            <\/div>\n                <\/div>\n            <\/div>\n                    \n            <div class=\"eael-image-accordion-hover eael-image-accordion-item\" style=\"background-image: url(https:\/\/www.woodfashion.net\/wp-content\/uploads\/2024\/04\/cuisine_10.webp);\"  tabindex=\"0\">\n                <div class=\"overlay\">\n                                        <div class=\"overlay-inner \">\n                        <h3 class=\"img-accordion-title\">Cottage keuken<\/h3>                            <p><p>Une cuisine traditionnelle revisit\u00e9e avec des mat\u00e9riaux nobles tels que le bois massif et des \u00e9l\u00e9ments de design classiques tels que les moulures d\u00e9coratives, cr\u00e9ant une atmosph\u00e8re chaleureuse et confortable.<\/p>\n<\/p>\n                                            <\/div>\n                <\/div>\n            <\/div>\n                    \n            <div class=\"eael-image-accordion-hover eael-image-accordion-item\" style=\"background-image: url(https:\/\/www.woodfashion.net\/wp-content\/uploads\/2024\/04\/cuisine_09.webp);\"  tabindex=\"0\">\n                <div class=\"overlay\">\n                                        <div class=\"overlay-inner \">\n                        <h3 class=\"img-accordion-title\">Moderne keuken<\/h3>                            <p><p>Une cuisine \u00e9pur\u00e9e avec des finitions et des appareils \u00e9lectrom\u00e9nagers haut de gamme, des lignes \u00e9pur\u00e9es et des finitions lisses, des couleurs neutres, des espaces ouverts, les \u00eelots de cuisine sont souvent utilis\u00e9s pour offrir plus d&#8217;espace de travail et de rangement.<\/p>\n<\/p>\n                                            <\/div>\n                <\/div>\n            <\/div>\n                    \n            <div class=\"eael-image-accordion-hover eael-image-accordion-item\" style=\"background-image: url(https:\/\/www.woodfashion.net\/wp-content\/uploads\/2024\/04\/cuisine-four-pizzas_06.webp);\"  tabindex=\"0\">\n                <div class=\"overlay\">\n                                        <div class=\"overlay-inner \">\n                        <h3 class=\"img-accordion-title\">Rustieke keuken<\/h3>                            <p><p>Elle met l&#8217;accent sur des mat\u00e9riaux naturels tels que le bois, la pierre naturelle, la c\u00e9ramique et des accessoires en fer forg\u00e9.<\/p>\n<\/p>\n                                            <\/div>\n                <\/div>\n            <\/div>\n                    \n            <div class=\"eael-image-accordion-hover eael-image-accordion-item\" style=\"background-image: url(https:\/\/www.woodfashion.net\/wp-content\/uploads\/2024\/04\/cuisine_05.webp);\"  tabindex=\"0\">\n                <div class=\"overlay\">\n                                        <div class=\"overlay-inner \">\n                        <h3 class=\"img-accordion-title\">Traditionele of klassieke keuken<\/h3>                            <p><p>Elle sera g\u00e9n\u00e9ralement compos\u00e9e d&#8217;\u00e9l\u00e9ments de design classiques tels que des armoires en bois massif, des plans de travail en marbre ou en granit, des moulures d\u00e9coratives, des poign\u00e9es d&#8217;armoires en laiton et des finitions textur\u00e9es.<\/p>\n<\/p>\n                                            <\/div>\n                <\/div>\n            <\/div>\n                    \n            <div class=\"eael-image-accordion-hover eael-image-accordion-item\" style=\"background-image: url(https:\/\/www.woodfashion.net\/wp-content\/uploads\/2024\/04\/cuisine_03.webp);\"  tabindex=\"0\">\n                <div class=\"overlay\">\n                                        <div class=\"overlay-inner \">\n                        <h3 class=\"img-accordion-title\">Industri\u00eble keuken<\/h3>                            <p><p>Construite avec des mat\u00e9riaux robustes tels que l&#8217;acier, le b\u00e9ton et le bois brut pour cr\u00e9er un look urbain et industriel. Les armoires en acier, les \u00e9tag\u00e8res en bois brut et les luminaires en m\u00e9tal pour cr\u00e9er une ambiance brute et authentique.<\/p>\n<\/p>\n                                            <\/div>\n                <\/div>\n            <\/div>\n                <\/div>\n        <style typr=\"text\/css\">\n                    #eael-img-accordion-b84178f .eael-image-accordion-hover:hover {\n                        flex: 3 1 0% !important;\n                    }\n                    #eael-img-accordion-b84178f .eael-image-accordion-hover:hover:hover .overlay-inner * {\n                        opacity: 1;\n                        visibility: visible;\n                        transform: none;\n                        transition: all .3s .3s;\n                    }\n                <\/style>\t\t\t\t<\/div>\n\t\t\t\t<\/div>\n\t\t\t\t\t<\/div>\n\t\t\t\t<\/div>\n\t\t<div class=\"elementor-element elementor-element-51f71e4 e-flex e-con-boxed e-con e-parent\" data-id=\"51f71e4\" data-element_type=\"container\" data-e-type=\"container\">\n\t\t\t\t\t<div class=\"e-con-inner\">\n\t\t<div class=\"elementor-element elementor-element-bc95d73 e-con-full e-flex e-con e-child\" data-id=\"bc95d73\" data-element_type=\"container\" data-e-type=\"container\">\n\t\t\t\t<div class=\"elementor-element elementor-element-56726f4 elementor-widget elementor-widget-heading\" data-id=\"56726f4\" data-element_type=\"widget\" data-e-type=\"widget\" data-settings=\"{&quot;_animation&quot;:&quot;none&quot;}\" data-widget_type=\"heading.default\">\n\t\t\t\t<div class=\"elementor-widget-container\">\n\t\t\t\t\t<h2 class=\"elementor-heading-title elementor-size-default\"><span>De essenti\u00eble elementen voor <\/span><br>een succesvolle maatwerkkeuken<\/h2>\t\t\t\t<\/div>\n\t\t\t\t<\/div>\n\t\t\t\t<div class=\"elementor-element elementor-element-f75420f elementor-widget-divider--view-line elementor-invisible elementor-widget elementor-widget-divider\" data-id=\"f75420f\" data-element_type=\"widget\" data-e-type=\"widget\" data-settings=\"{&quot;_animation&quot;:&quot;slideInLeft&quot;}\" data-widget_type=\"divider.default\">\n\t\t\t\t<div class=\"elementor-widget-container\">\n\t\t\t\t\t\t\t<div class=\"elementor-divider\">\n\t\t\t<span class=\"elementor-divider-separator\">\n\t\t\t\t\t\t<\/span>\n\t\t<\/div>\n\t\t\t\t\t\t<\/div>\n\t\t\t\t<\/div>\n\t\t\t\t<div class=\"elementor-element elementor-element-f2152cf elementor-widget elementor-widget-text-editor\" data-id=\"f2152cf\" data-element_type=\"widget\" data-e-type=\"widget\" data-widget_type=\"text-editor.default\">\n\t\t\t\t<div class=\"elementor-widget-container\">\n\t\t\t\t\t\t\t\t\t<p>Chez Wood Fashion, nos architectes d&#8217;int\u00e9rieur vous guideront tout au long de la conception de votre nouvelle cuisine afin de choisir les \u00e9l\u00e9ments pour l&#8217;am\u00e9nagement de votre cuisine sur mesure, tels que :<\/p>\n\t\t\t\t\t\t\t\t<\/div>\n\t\t\t\t<\/div>\n\t\t\t\t<\/div>\n\t\t<div class=\"elementor-element elementor-element-5f97377 e-con-full e-flex e-con e-child\" data-id=\"5f97377\" data-element_type=\"container\" data-e-type=\"container\">\n\t\t<div class=\"elementor-element elementor-element-224f79b e-con-full e-flex e-con e-child\" data-id=\"224f79b\" data-element_type=\"container\" data-e-type=\"container\">\n\t\t\t\t<div class=\"elementor-element elementor-element-87e751d elementor-position-inline-start elementor-view-default elementor-widget elementor-widget-icon-box\" data-id=\"87e751d\" data-element_type=\"widget\" data-e-type=\"widget\" data-widget_type=\"icon-box.default\">\n\t\t\t\t<div class=\"elementor-widget-container\">\n\t\t\t\t\t\t\t<div class=\"elementor-icon-box-wrapper\">\n\n\t\t\t\t\t\t<div class=\"elementor-icon-box-icon\">\n\t\t\t\t<span  class=\"elementor-icon\">\n\t\t\t\t<svg aria-hidden=\"true\" class=\"e-font-icon-svg e-fas-circle\" viewBox=\"0 0 512 512\" xmlns=\"http:\/\/www.w3.org\/2000\/svg\"><path d=\"M256 8C119 8 8 119 8 256s111 248 248 248 248-111 248-248S393 8 256 8z\"><\/path><\/svg>\t\t\t\t<\/span>\n\t\t\t<\/div>\n\t\t\t\n\t\t\t\t\t\t<div class=\"elementor-icon-box-content\">\n\n\t\t\t\t\t\t\t\t\t<span class=\"elementor-icon-box-title\">\n\t\t\t\t\t\t<span  >\n\t\t\t\t\t\t\tHuishoudelijke apparaten\t\t\t\t\t\t<\/span>\n\t\t\t\t\t<\/span>\n\t\t\t\t\n\t\t\t\t\t\t\t\t\t<p class=\"elementor-icon-box-description\">\n\t\t\t\t\t\tAucun am\u00e9nagement de cuisine ne serait complet sans les \u00e9lectrom\u00e9nagers appropri\u00e9s tels que r\u00e9frig\u00e9rateur, four, plaque de cuisson, lave-vaisselle... qui sont essentiels pour rendre votre cuisine fonctionnelle. Sans oublier de r\u00e9aliser l'int\u00e9gration de tous ces \u00e9l\u00e9ments de mani\u00e8re harmonieuse et en tenant compte de l'optimisation de l'espace disponible.\t\t\t\t\t<\/p>\n\t\t\t\t\n\t\t\t<\/div>\n\t\t\t\n\t\t<\/div>\n\t\t\t\t\t\t<\/div>\n\t\t\t\t<\/div>\n\t\t\t\t<div class=\"elementor-element elementor-element-afca49c elementor-position-inline-start elementor-mobile-position-inline-start elementor-view-default elementor-widget elementor-widget-icon-box\" data-id=\"afca49c\" data-element_type=\"widget\" data-e-type=\"widget\" data-widget_type=\"icon-box.default\">\n\t\t\t\t<div class=\"elementor-widget-container\">\n\t\t\t\t\t\t\t<div class=\"elementor-icon-box-wrapper\">\n\n\t\t\t\t\t\t<div class=\"elementor-icon-box-icon\">\n\t\t\t\t<span  class=\"elementor-icon\">\n\t\t\t\t<svg aria-hidden=\"true\" class=\"e-font-icon-svg e-fas-circle\" viewBox=\"0 0 512 512\" xmlns=\"http:\/\/www.w3.org\/2000\/svg\"><path d=\"M256 8C119 8 8 119 8 256s111 248 248 248 248-111 248-248S393 8 256 8z\"><\/path><\/svg>\t\t\t\t<\/span>\n\t\t\t<\/div>\n\t\t\t\n\t\t\t\t\t\t<div class=\"elementor-icon-box-content\">\n\n\t\t\t\t\t\t\t\t\t<span class=\"elementor-icon-box-title\">\n\t\t\t\t\t\t<span  >\n\t\t\t\t\t\t\tVloeren\t\t\t\t\t\t<\/span>\n\t\t\t\t\t<\/span>\n\t\t\t\t\n\t\t\t\t\t\t\t\t\t<p class=\"elementor-icon-box-description\">\n\t\t\t\t\t\tChoix de mat\u00e9riaux durables et esth\u00e9tiques pour un rendu final r\u00e9ussi.\t\t\t\t\t<\/p>\n\t\t\t\t\n\t\t\t<\/div>\n\t\t\t\n\t\t<\/div>\n\t\t\t\t\t\t<\/div>\n\t\t\t\t<\/div>\n\t\t\t\t<div class=\"elementor-element elementor-element-6184fab elementor-position-inline-start elementor-mobile-position-inline-start elementor-view-default elementor-widget elementor-widget-icon-box\" data-id=\"6184fab\" data-element_type=\"widget\" data-e-type=\"widget\" data-widget_type=\"icon-box.default\">\n\t\t\t\t<div class=\"elementor-widget-container\">\n\t\t\t\t\t\t\t<div class=\"elementor-icon-box-wrapper\">\n\n\t\t\t\t\t\t<div class=\"elementor-icon-box-icon\">\n\t\t\t\t<span  class=\"elementor-icon\">\n\t\t\t\t<svg aria-hidden=\"true\" class=\"e-font-icon-svg e-fas-circle\" viewBox=\"0 0 512 512\" xmlns=\"http:\/\/www.w3.org\/2000\/svg\"><path d=\"M256 8C119 8 8 119 8 256s111 248 248 248 248-111 248-248S393 8 256 8z\"><\/path><\/svg>\t\t\t\t<\/span>\n\t\t\t<\/div>\n\t\t\t\n\t\t\t\t\t\t<div class=\"elementor-icon-box-content\">\n\n\t\t\t\t\t\t\t\t\t<span class=\"elementor-icon-box-title\">\n\t\t\t\t\t\t<span  >\n\t\t\t\t\t\t\tAangepaste afwerkingen\t\t\t\t\t\t<\/span>\n\t\t\t\t\t<\/span>\n\t\t\t\t\n\t\t\t\t\t\t\t\t\t<p class=\"elementor-icon-box-description\">\n\t\t\t\t\t\tPoign\u00e9es, robinetterie, cr\u00e9dence, etc. pour personnaliser votre cuisine et en faire un espace unique et \u00e0 votre image.\t\t\t\t\t<\/p>\n\t\t\t\t\n\t\t\t<\/div>\n\t\t\t\n\t\t<\/div>\n\t\t\t\t\t\t<\/div>\n\t\t\t\t<\/div>\n\t\t\t\t<div class=\"elementor-element elementor-element-57b9814 elementor-position-inline-start elementor-mobile-position-inline-start elementor-view-default elementor-widget elementor-widget-icon-box\" data-id=\"57b9814\" data-element_type=\"widget\" data-e-type=\"widget\" data-widget_type=\"icon-box.default\">\n\t\t\t\t<div class=\"elementor-widget-container\">\n\t\t\t\t\t\t\t<div class=\"elementor-icon-box-wrapper\">\n\n\t\t\t\t\t\t<div class=\"elementor-icon-box-icon\">\n\t\t\t\t<span  class=\"elementor-icon\">\n\t\t\t\t<svg aria-hidden=\"true\" class=\"e-font-icon-svg e-fas-circle\" viewBox=\"0 0 512 512\" xmlns=\"http:\/\/www.w3.org\/2000\/svg\"><path d=\"M256 8C119 8 8 119 8 256s111 248 248 248 248-111 248-248S393 8 256 8z\"><\/path><\/svg>\t\t\t\t<\/span>\n\t\t\t<\/div>\n\t\t\t\n\t\t\t\t\t\t<div class=\"elementor-icon-box-content\">\n\n\t\t\t\t\t\t\t\t\t<span class=\"elementor-icon-box-title\">\n\t\t\t\t\t\t<span  >\n\t\t\t\t\t\t\tKeukenontwerp op maat\t\t\t\t\t\t<\/span>\n\t\t\t\t\t<\/span>\n\t\t\t\t\n\t\t\t\t\t\t\t\t\t<p class=\"elementor-icon-box-description\">\n\t\t\t\t\t\tMaximiser l'espace de rangement et de travail.\t\t\t\t\t<\/p>\n\t\t\t\t\n\t\t\t<\/div>\n\t\t\t\n\t\t<\/div>\n\t\t\t\t\t\t<\/div>\n\t\t\t\t<\/div>\n\t\t\t\t<\/div>\n\t\t<div class=\"elementor-element elementor-element-61b7f8f e-con-full e-flex e-con e-child\" data-id=\"61b7f8f\" data-element_type=\"container\" data-e-type=\"container\">\n\t\t\t\t<div class=\"elementor-element elementor-element-b9f018a elementor-position-inline-start elementor-mobile-position-inline-start elementor-view-default elementor-widget elementor-widget-icon-box\" data-id=\"b9f018a\" data-element_type=\"widget\" data-e-type=\"widget\" data-widget_type=\"icon-box.default\">\n\t\t\t\t<div class=\"elementor-widget-container\">\n\t\t\t\t\t\t\t<div class=\"elementor-icon-box-wrapper\">\n\n\t\t\t\t\t\t<div class=\"elementor-icon-box-icon\">\n\t\t\t\t<span  class=\"elementor-icon\">\n\t\t\t\t<svg aria-hidden=\"true\" class=\"e-font-icon-svg e-fas-circle\" viewBox=\"0 0 512 512\" xmlns=\"http:\/\/www.w3.org\/2000\/svg\"><path d=\"M256 8C119 8 8 119 8 256s111 248 248 248 248-111 248-248S393 8 256 8z\"><\/path><\/svg>\t\t\t\t<\/span>\n\t\t\t<\/div>\n\t\t\t\n\t\t\t\t\t\t<div class=\"elementor-icon-box-content\">\n\n\t\t\t\t\t\t\t\t\t<span class=\"elementor-icon-box-title\">\n\t\t\t\t\t\t<span  >\n\t\t\t\t\t\t\tKleuren\t\t\t\t\t\t<\/span>\n\t\t\t\t\t<\/span>\n\t\t\t\t\n\t\t\t\t\t\t\t\t\t<p class=\"elementor-icon-box-description\">\n\t\t\t\t\t\tChoisir des couleurs qui correspondent \u00e0 votre style et \u00e0 l'ambiance que vous voulez cr\u00e9er.\t\t\t\t\t<\/p>\n\t\t\t\t\n\t\t\t<\/div>\n\t\t\t\n\t\t<\/div>\n\t\t\t\t\t\t<\/div>\n\t\t\t\t<\/div>\n\t\t\t\t<div class=\"elementor-element elementor-element-bcb463e elementor-position-inline-start elementor-mobile-position-inline-start elementor-view-default elementor-widget elementor-widget-icon-box\" data-id=\"bcb463e\" data-element_type=\"widget\" data-e-type=\"widget\" data-widget_type=\"icon-box.default\">\n\t\t\t\t<div class=\"elementor-widget-container\">\n\t\t\t\t\t\t\t<div class=\"elementor-icon-box-wrapper\">\n\n\t\t\t\t\t\t<div class=\"elementor-icon-box-icon\">\n\t\t\t\t<span  class=\"elementor-icon\">\n\t\t\t\t<svg aria-hidden=\"true\" class=\"e-font-icon-svg e-fas-circle\" viewBox=\"0 0 512 512\" xmlns=\"http:\/\/www.w3.org\/2000\/svg\"><path d=\"M256 8C119 8 8 119 8 256s111 248 248 248 248-111 248-248S393 8 256 8z\"><\/path><\/svg>\t\t\t\t<\/span>\n\t\t\t<\/div>\n\t\t\t\n\t\t\t\t\t\t<div class=\"elementor-icon-box-content\">\n\n\t\t\t\t\t\t\t\t\t<span class=\"elementor-icon-box-title\">\n\t\t\t\t\t\t<span  >\n\t\t\t\t\t\t\tVerlichting\t\t\t\t\t\t<\/span>\n\t\t\t\t\t<\/span>\n\t\t\t\t\n\t\t\t\t\t\t\t\t\t<p class=\"elementor-icon-box-description\">\n\t\t\t\t\t\tCrucial dans une cuisine. Il est important d'inclure un \u00e9clairage g\u00e9n\u00e9ral pour \u00e9clairer l'ensemble de la pi\u00e8ce, ainsi qu'un \u00e9clairage cibl\u00e9 pour les zones de travail telles que l'ilot central et les plans de travail.\t\t\t\t\t<\/p>\n\t\t\t\t\n\t\t\t<\/div>\n\t\t\t\n\t\t<\/div>\n\t\t\t\t\t\t<\/div>\n\t\t\t\t<\/div>\n\t\t\t\t<div class=\"elementor-element elementor-element-7042402 elementor-position-inline-start elementor-mobile-position-inline-start elementor-view-default elementor-widget elementor-widget-icon-box\" data-id=\"7042402\" data-element_type=\"widget\" data-e-type=\"widget\" data-widget_type=\"icon-box.default\">\n\t\t\t\t<div class=\"elementor-widget-container\">\n\t\t\t\t\t\t\t<div class=\"elementor-icon-box-wrapper\">\n\n\t\t\t\t\t\t<div class=\"elementor-icon-box-icon\">\n\t\t\t\t<span  class=\"elementor-icon\">\n\t\t\t\t<svg aria-hidden=\"true\" class=\"e-font-icon-svg e-fas-circle\" viewBox=\"0 0 512 512\" xmlns=\"http:\/\/www.w3.org\/2000\/svg\"><path d=\"M256 8C119 8 8 119 8 256s111 248 248 248 248-111 248-248S393 8 256 8z\"><\/path><\/svg>\t\t\t\t<\/span>\n\t\t\t<\/div>\n\t\t\t\n\t\t\t\t\t\t<div class=\"elementor-icon-box-content\">\n\n\t\t\t\t\t\t\t\t\t<span class=\"elementor-icon-box-title\">\n\t\t\t\t\t\t<span  >\n\t\t\t\t\t\t\tAccessoires\t\t\t\t\t\t<\/span>\n\t\t\t\t\t<\/span>\n\t\t\t\t\n\t\t\t\t\t\t\t\t\t<p class=\"elementor-icon-box-description\">\n\t\t\t\t\t\tIls peuvent apporter une touche finale optimale \u00e0 votre cuisine.\t\t\t\t\t<\/p>\n\t\t\t\t\n\t\t\t<\/div>\n\t\t\t\n\t\t<\/div>\n\t\t\t\t\t\t<\/div>\n\t\t\t\t<\/div>\n\t\t\t\t<div class=\"elementor-element elementor-element-421a937 elementor-position-inline-start elementor-mobile-position-inline-start elementor-view-default elementor-widget elementor-widget-icon-box\" data-id=\"421a937\" data-element_type=\"widget\" data-e-type=\"widget\" data-widget_type=\"icon-box.default\">\n\t\t\t\t<div class=\"elementor-widget-container\">\n\t\t\t\t\t\t\t<div class=\"elementor-icon-box-wrapper\">\n\n\t\t\t\t\t\t<div class=\"elementor-icon-box-icon\">\n\t\t\t\t<span  class=\"elementor-icon\">\n\t\t\t\t<svg aria-hidden=\"true\" class=\"e-font-icon-svg e-fas-circle\" viewBox=\"0 0 512 512\" xmlns=\"http:\/\/www.w3.org\/2000\/svg\"><path d=\"M256 8C119 8 8 119 8 256s111 248 248 248 248-111 248-248S393 8 256 8z\"><\/path><\/svg>\t\t\t\t<\/span>\n\t\t\t<\/div>\n\t\t\t\n\t\t\t\t\t\t<div class=\"elementor-icon-box-content\">\n\n\t\t\t\t\t\t\t\t\t<span class=\"elementor-icon-box-title\">\n\t\t\t\t\t\t<span  >\n\t\t\t\t\t\t\tOpbergelementen\t\t\t\t\t\t<\/span>\n\t\t\t\t\t<\/span>\n\t\t\t\t\n\t\t\t\t\t\t\t\t\t<p class=\"elementor-icon-box-description\">\n\t\t\t\t\t\tTiroirs, \u00e9tag\u00e8res, armoires, placards...\n\t\t\t\t\t<\/p>\n\t\t\t\t\n\t\t\t<\/div>\n\t\t\t\n\t\t<\/div>\n\t\t\t\t\t\t<\/div>\n\t\t\t\t<\/div>\n\t\t\t\t<div class=\"elementor-element elementor-element-6712828 elementor-position-inline-start elementor-mobile-position-inline-start elementor-view-default elementor-widget elementor-widget-icon-box\" data-id=\"6712828\" data-element_type=\"widget\" data-e-type=\"widget\" data-widget_type=\"icon-box.default\">\n\t\t\t\t<div class=\"elementor-widget-container\">\n\t\t\t\t\t\t\t<div class=\"elementor-icon-box-wrapper\">\n\n\t\t\t\t\t\t<div class=\"elementor-icon-box-icon\">\n\t\t\t\t<span  class=\"elementor-icon\">\n\t\t\t\t<svg aria-hidden=\"true\" class=\"e-font-icon-svg e-fas-circle\" viewBox=\"0 0 512 512\" xmlns=\"http:\/\/www.w3.org\/2000\/svg\"><path d=\"M256 8C119 8 8 119 8 256s111 248 248 248 248-111 248-248S393 8 256 8z\"><\/path><\/svg>\t\t\t\t<\/span>\n\t\t\t<\/div>\n\t\t\t\n\t\t\t\t\t\t<div class=\"elementor-icon-box-content\">\n\n\t\t\t\t\t\t\t\t\t<span class=\"elementor-icon-box-title\">\n\t\t\t\t\t\t<span  >\n\t\t\t\t\t\t\tWerkplannen\t\t\t\t\t\t<\/span>\n\t\t\t\t\t<\/span>\n\t\t\t\t\n\t\t\t\t\t\t\t\t\t<p class=\"elementor-icon-box-description\">\n\t\t\t\t\t\tLe choix du mat\u00e9riau pour votre plan de travail d\u00e9pendra de vos pr\u00e9f\u00e9rences en mati\u00e8re de style, de durabilit\u00e9 et d'entretien.\t\t\t\t\t<\/p>\n\t\t\t\t\n\t\t\t<\/div>\n\t\t\t\n\t\t<\/div>\n\t\t\t\t\t\t<\/div>\n\t\t\t\t<\/div>\n\t\t\t\t<\/div>\n\t\t\t\t<\/div>\n\t\t\t\t\t<\/div>\n\t\t\t\t<\/div>\n\t\t<div class=\"elementor-element elementor-element-40cc592 e-flex e-con-boxed e-con e-parent\" data-id=\"40cc592\" data-element_type=\"container\" data-e-type=\"container\" data-settings=\"{&quot;background_background&quot;:&quot;classic&quot;}\">\n\t\t\t\t\t<div class=\"e-con-inner\">\n\t\t<div class=\"elementor-element elementor-element-33eb4c8 e-con-full e-flex e-con e-child\" data-id=\"33eb4c8\" data-element_type=\"container\" data-e-type=\"container\">\n\t\t\t\t<div class=\"elementor-element elementor-element-ab80725 elementor-widget elementor-widget-heading\" data-id=\"ab80725\" data-element_type=\"widget\" data-e-type=\"widget\" data-settings=\"{&quot;_animation&quot;:&quot;none&quot;}\" data-widget_type=\"heading.default\">\n\t\t\t\t<div class=\"elementor-widget-container\">\n\t\t\t\t\t<h2 class=\"elementor-heading-title elementor-size-default\"><span>Actuele trends op het\n<\/span><br>gebied van maatwerkkeukens<\/h2>\t\t\t\t<\/div>\n\t\t\t\t<\/div>\n\t\t\t\t<div class=\"elementor-element elementor-element-2637f13 elementor-widget-divider--view-line elementor-invisible elementor-widget elementor-widget-divider\" data-id=\"2637f13\" data-element_type=\"widget\" data-e-type=\"widget\" data-settings=\"{&quot;_animation&quot;:&quot;slideInLeft&quot;}\" data-widget_type=\"divider.default\">\n\t\t\t\t<div class=\"elementor-widget-container\">\n\t\t\t\t\t\t\t<div class=\"elementor-divider\">\n\t\t\t<span class=\"elementor-divider-separator\">\n\t\t\t\t\t\t<\/span>\n\t\t<\/div>\n\t\t\t\t\t\t<\/div>\n\t\t\t\t<\/div>\n\t\t\t\t<div class=\"elementor-element elementor-element-f92784e elementor-widget elementor-widget-text-editor\" data-id=\"f92784e\" data-element_type=\"widget\" data-e-type=\"widget\" data-widget_type=\"text-editor.default\">\n\t\t\t\t<div class=\"elementor-widget-container\">\n\t\t\t\t\t\t\t\t\t<p>Les tendances actuelles en mati\u00e8re de cuisine sur mesure mettent l&#8217;accent sur la durabilit\u00e9, le c\u00f4t\u00e9 pratique et fonctionnel. Elles sont de plus en plus appr\u00e9ci\u00e9es car elles offrent des solutions personnalis\u00e9es pour r\u00e9pondre aux besoins individuels et sp\u00e9cifiques.<\/p>\n<p>La tendance \u00e9cologique se d\u00e9veloppe \u00e9galement, avec une attention particuli\u00e8re port\u00e9e \u00e0 l&#8217;utilisation de mat\u00e9riaux durables et \u00e0 faible impact environnemental.<\/p>\n<p>En termes de style, les cuisines sur mesure se tournent vers des designs \u00e9pur\u00e9s et minimalistes, avec des lignes droites et des finitions mates ou satin\u00e9es. Les couleurs neutres, comme le blanc, le noir, le gris et le beige, sont populaires et offrent une toile de fond pour des \u00e9l\u00e9ments plus color\u00e9s ou textur\u00e9s.<\/p>\n<p>Les \u00eelots central sont de plus en plus grands et multifonctionnels, offrant des espaces de travail suppl\u00e9mentaires, des zones de rangement, des \u00e9tag\u00e8res ouvertes et m\u00eame des zones de cuisson ou de lavage.<\/p>\n<p>Les appareils \u00e9lectrom\u00e9nagers de haute technologie, tels que les fours \u00e0 vapeur, les tiroirs r\u00e9frig\u00e9rants ou les plaques de cuisson \u00e0 induction, sont de plus en plus appr\u00e9ci\u00e9s.<\/p>\n<p>Enfin, les cuisines sur mesure sont de plus en plus ouvertes sur le reste de la maison, avec des espaces de vie qui se connectent directement \u00e0 la cuisine. Les portes coulissantes, les cloisons en verre et les conceptions de cuisine en L sont de plus en plus courantes pour faciliter la transition entre les espaces.<\/p>\n\t\t\t\t\t\t\t\t<\/div>\n\t\t\t\t<\/div>\n\t\t\t\t<\/div>\n\t\t<div class=\"elementor-element elementor-element-df34fe0 e-con-full e-flex elementor-invisible e-con e-child\" data-id=\"df34fe0\" data-element_type=\"container\" data-e-type=\"container\" data-settings=\"{&quot;background_background&quot;:&quot;classic&quot;,&quot;animation&quot;:&quot;fadeIn&quot;,&quot;background_motion_fx_motion_fx_scrolling&quot;:&quot;yes&quot;,&quot;background_motion_fx_translateY_effect&quot;:&quot;yes&quot;,&quot;background_motion_fx_translateY_direction&quot;:&quot;negative&quot;,&quot;background_motion_fx_translateY_speed&quot;:{&quot;unit&quot;:&quot;px&quot;,&quot;size&quot;:4,&quot;sizes&quot;:[]},&quot;background_motion_fx_translateY_affectedRange&quot;:{&quot;unit&quot;:&quot;%&quot;,&quot;size&quot;:&quot;&quot;,&quot;sizes&quot;:{&quot;start&quot;:0,&quot;end&quot;:100}},&quot;background_motion_fx_devices&quot;:[&quot;desktop&quot;,&quot;tablet_extra&quot;,&quot;tablet&quot;,&quot;mobile&quot;]}\">\n\t\t\t\t<\/div>\n\t\t\t\t\t<\/div>\n\t\t\t\t<\/div>\n\t\t<div class=\"elementor-element elementor-element-5363085 e-flex e-con-boxed e-con e-parent\" data-id=\"5363085\" data-element_type=\"container\" data-e-type=\"container\">\n\t\t\t\t\t<div class=\"e-con-inner\">\n\t\t\t\t<div class=\"elementor-element elementor-element-89acb88 elementor-widget elementor-widget-heading\" data-id=\"89acb88\" data-element_type=\"widget\" data-e-type=\"widget\" data-settings=\"{&quot;_animation&quot;:&quot;none&quot;}\" data-widget_type=\"heading.default\">\n\t\t\t\t<div class=\"elementor-widget-container\">\n\t\t\t\t\t<h2 class=\"elementor-heading-title elementor-size-default\"><span>Waarom uw keukenproject toevertrouwen<\/span><br>aan Wood Fashion?<\/h2>\t\t\t\t<\/div>\n\t\t\t\t<\/div>\n\t\t\t\t<div class=\"elementor-element elementor-element-5099be8 elementor-widget-divider--view-line elementor-invisible elementor-widget elementor-widget-divider\" data-id=\"5099be8\" data-element_type=\"widget\" data-e-type=\"widget\" data-settings=\"{&quot;_animation&quot;:&quot;slideInLeft&quot;}\" data-widget_type=\"divider.default\">\n\t\t\t\t<div class=\"elementor-widget-container\">\n\t\t\t\t\t\t\t<div class=\"elementor-divider\">\n\t\t\t<span class=\"elementor-divider-separator\">\n\t\t\t\t\t\t<\/span>\n\t\t<\/div>\n\t\t\t\t\t\t<\/div>\n\t\t\t\t<\/div>\n\t\t\t\t<div class=\"elementor-element elementor-element-87f5a4b elementor-widget elementor-widget-text-editor\" data-id=\"87f5a4b\" data-element_type=\"widget\" data-e-type=\"widget\" data-widget_type=\"text-editor.default\">\n\t\t\t\t<div class=\"elementor-widget-container\">\n\t\t\t\t\t\t\t\t\t<p>Vous envisagez de r\u00e9nover votre cuisine et vous \u00eates \u00e0 la recherche de meubles de cuisine sur mesure ? Vous avez besoin de l&#8217;expertise d&#8217;un cuisiniste de confiance pour vous accompagner dans votre projet de cuisine ? Faire appel \u00e0 Wood Fashion, c&#8217;est b\u00e9n\u00e9ficier de l&#8217;expertise et du savoir-faire de notre \u00e9quipe de professionnels passionn\u00e9s.<\/p>\n<p>Cr\u00e9ons ensemble la cuisine de vos r\u00eaves !<\/p>\n\t\t\t\t\t\t\t\t<\/div>\n\t\t\t\t<\/div>\n\t\t\t\t<div class=\"elementor-element elementor-element-4f91842 elementor-share-buttons--skin-flat elementor-share-buttons--color-custom elementor-share-buttons--view-icon-text elementor-share-buttons--shape-square elementor-grid-0 elementor-invisible elementor-widget elementor-widget-share-buttons\" data-id=\"4f91842\" data-element_type=\"widget\" data-e-type=\"widget\" data-settings=\"{&quot;_animation&quot;:&quot;fadeIn&quot;}\" data-widget_type=\"share-buttons.default\">\n\t\t\t\t<div class=\"elementor-widget-container\">\n\t\t\t\t\t\t\t<div class=\"elementor-grid\">\n\t\t\t\t\t\t\t\t<div class=\"elementor-grid-item\">\n\t\t\t\t\t\t<div class=\"elementor-share-btn elementor-share-btn_facebook\" role=\"button\" tabindex=\"0\" aria-label=\"Delen op facebook\">\n\t\t\t\t\t\t\t\t\t\t\t\t\t\t\t<span class=\"elementor-share-btn__icon\">\n\t\t\t\t\t\t\t\t<svg aria-hidden=\"true\" class=\"e-font-icon-svg e-fab-facebook\" viewBox=\"0 0 512 512\" xmlns=\"http:\/\/www.w3.org\/2000\/svg\"><path d=\"M504 256C504 119 393 8 256 8S8 119 8 256c0 123.78 90.69 226.38 209.25 245V327.69h-63V256h63v-54.64c0-62.15 37-96.48 93.67-96.48 27.14 0 55.52 4.84 55.52 4.84v61h-31.28c-30.8 0-40.41 19.12-40.41 38.73V256h68.78l-11 71.69h-57.78V501C413.31 482.38 504 379.78 504 256z\"><\/path><\/svg>\t\t\t\t\t\t\t<\/span>\n\t\t\t\t\t\t\t\t\t\t\t\t\t\t\t\t\t\t\t\t\t\t<div class=\"elementor-share-btn__text\">\n\t\t\t\t\t\t\t\t\t\t\t\t\t\t\t\t\t\t\t<span class=\"elementor-share-btn__title\">\n\t\t\t\t\t\t\t\t\t\tDelen op Facebook\t\t\t\t\t\t\t\t\t<\/span>\n\t\t\t\t\t\t\t\t\t\t\t\t\t\t\t\t\t<\/div>\n\t\t\t\t\t\t\t\t\t\t\t\t\t<\/div>\n\t\t\t\t\t<\/div>\n\t\t\t\t\t\t<\/div>\n\t\t\t\t\t\t<\/div>\n\t\t\t\t<\/div>\n\t\t\t\t\t<\/div>\n\t\t\t\t<\/div>\n\t\t\t\t<\/div>\n\t\t","protected":false},"excerpt":{"rendered":"<p>Donnez vie \u00e0 votre projet d&#8217;am\u00e9nagement de cuisine, salle de bain, dressing, rangements avec Wood Fashion le sp\u00e9cialiste des meubles sur mesure \u00e0 Waterloo !<\/p>\n","protected":false},"author":1,"featured_media":4627,"comment_status":"closed","ping_status":"closed","sticky":false,"template":"","format":"standard","meta":{"footnotes":""},"categories":[49],"tags":[],"class_list":["post-5171","post","type-post","status-publish","format-standard","has-post-thumbnail","hentry","category-nieuws"],"yoast_head":"<!-- This site is optimized with the Yoast SEO plugin v26.9 - https:\/\/yoast.com\/product\/yoast-seo-wordpress\/ -->\n<title>Wood Fashion | Wood Fashion, de keukenspecialist op maat in Waterloo<\/title>\n<meta name=\"description\" content=\"Donnez vie \u00e0 votre projet d&#039;am\u00e9nagement de cuisine, salle de bain, dressing, rangements avec Wood Fashion le sp\u00e9cialiste des meubles sur mesure \u00e0 Waterloo !\" \/>\n<meta name=\"robots\" content=\"noindex, follow\" \/>\n<meta property=\"og:locale\" content=\"nl_NL\" \/>\n<meta property=\"og:type\" content=\"article\" \/>\n<meta property=\"og:title\" content=\"Wood Fashion | Wood Fashion, de keukenspecialist op maat in Waterloo\" \/>\n<meta property=\"og:description\" content=\"Donnez vie \u00e0 votre projet d&#039;am\u00e9nagement de cuisine, salle de bain, dressing, rangements avec Wood Fashion le sp\u00e9cialiste des meubles sur mesure \u00e0 Waterloo !\" \/>\n<meta property=\"og:url\" content=\"https:\/\/www.woodfashion.net\/nl\/nieuws\/wood-fashion-de-keukenspecialist-op-maat-in-waterloo\/\" \/>\n<meta property=\"og:site_name\" content=\"Wood Fashion\" \/>\n<meta property=\"article:publisher\" content=\"https:\/\/www.facebook.com\/Wood-Fashion-115887340255975\" \/>\n<meta property=\"article:published_time\" content=\"2023-03-05T23:00:43+00:00\" \/>\n<meta property=\"article:modified_time\" content=\"2024-05-16T07:30:14+00:00\" \/>\n<meta property=\"og:image\" content=\"https:\/\/www.woodfashion.net\/wp-content\/uploads\/2024\/04\/cuisine-moderne_02.webp\" \/>\n\t<meta property=\"og:image:width\" content=\"1920\" \/>\n\t<meta property=\"og:image:height\" content=\"1440\" \/>\n\t<meta property=\"og:image:type\" content=\"image\/webp\" \/>\n<meta name=\"author\" content=\"Bluebook\" \/>\n<meta name=\"twitter:card\" content=\"summary_large_image\" \/>\n<meta name=\"twitter:label1\" content=\"Geschreven door\" \/>\n\t<meta name=\"twitter:data1\" content=\"Bluebook\" \/>\n\t<meta name=\"twitter:label2\" content=\"Geschatte leestijd\" \/>\n\t<meta name=\"twitter:data2\" content=\"4 minuten\" \/>\n<script type=\"application\/ld+json\" class=\"yoast-schema-graph\">{\"@context\":\"https:\/\/schema.org\",\"@graph\":[{\"@type\":\"Article\",\"@id\":\"https:\/\/www.woodfashion.net\/nl\/nieuws\/wood-fashion-de-keukenspecialist-op-maat-in-waterloo\/#article\",\"isPartOf\":{\"@id\":\"https:\/\/www.woodfashion.net\/nl\/nieuws\/wood-fashion-de-keukenspecialist-op-maat-in-waterloo\/\"},\"author\":{\"name\":\"Bluebook\",\"@id\":\"https:\/\/www.woodfashion.net\/nl\/#\/schema\/person\/fd17ac858f9e567c0093d9976d759081\"},\"headline\":\"Wood Fashion, de keukenspecialist op maat in Waterloo\",\"datePublished\":\"2023-03-05T23:00:43+00:00\",\"dateModified\":\"2024-05-16T07:30:14+00:00\",\"mainEntityOfPage\":{\"@id\":\"https:\/\/www.woodfashion.net\/nl\/nieuws\/wood-fashion-de-keukenspecialist-op-maat-in-waterloo\/\"},\"wordCount\":998,\"publisher\":{\"@id\":\"https:\/\/www.woodfashion.net\/nl\/#organization\"},\"image\":{\"@id\":\"https:\/\/www.woodfashion.net\/nl\/nieuws\/wood-fashion-de-keukenspecialist-op-maat-in-waterloo\/#primaryimage\"},\"thumbnailUrl\":\"https:\/\/www.woodfashion.net\/wp-content\/uploads\/2024\/04\/cuisine-moderne_02.webp\",\"articleSection\":[\"Nieuws\"],\"inLanguage\":\"nl-NL\"},{\"@type\":\"WebPage\",\"@id\":\"https:\/\/www.woodfashion.net\/nl\/nieuws\/wood-fashion-de-keukenspecialist-op-maat-in-waterloo\/\",\"url\":\"https:\/\/www.woodfashion.net\/nl\/nieuws\/wood-fashion-de-keukenspecialist-op-maat-in-waterloo\/\",\"name\":\"Wood Fashion | Wood Fashion, de keukenspecialist op maat in Waterloo\",\"isPartOf\":{\"@id\":\"https:\/\/www.woodfashion.net\/nl\/#website\"},\"primaryImageOfPage\":{\"@id\":\"https:\/\/www.woodfashion.net\/nl\/nieuws\/wood-fashion-de-keukenspecialist-op-maat-in-waterloo\/#primaryimage\"},\"image\":{\"@id\":\"https:\/\/www.woodfashion.net\/nl\/nieuws\/wood-fashion-de-keukenspecialist-op-maat-in-waterloo\/#primaryimage\"},\"thumbnailUrl\":\"https:\/\/www.woodfashion.net\/wp-content\/uploads\/2024\/04\/cuisine-moderne_02.webp\",\"datePublished\":\"2023-03-05T23:00:43+00:00\",\"dateModified\":\"2024-05-16T07:30:14+00:00\",\"description\":\"Donnez vie \u00e0 votre projet d'am\u00e9nagement de cuisine, salle de bain, dressing, rangements avec Wood Fashion le sp\u00e9cialiste des meubles sur mesure \u00e0 Waterloo !\",\"breadcrumb\":{\"@id\":\"https:\/\/www.woodfashion.net\/nl\/nieuws\/wood-fashion-de-keukenspecialist-op-maat-in-waterloo\/#breadcrumb\"},\"inLanguage\":\"nl-NL\",\"potentialAction\":[{\"@type\":\"ReadAction\",\"target\":[\"https:\/\/www.woodfashion.net\/nl\/nieuws\/wood-fashion-de-keukenspecialist-op-maat-in-waterloo\/\"]}]},{\"@type\":\"ImageObject\",\"inLanguage\":\"nl-NL\",\"@id\":\"https:\/\/www.woodfashion.net\/nl\/nieuws\/wood-fashion-de-keukenspecialist-op-maat-in-waterloo\/#primaryimage\",\"url\":\"https:\/\/www.woodfashion.net\/wp-content\/uploads\/2024\/04\/cuisine-moderne_02.webp\",\"contentUrl\":\"https:\/\/www.woodfashion.net\/wp-content\/uploads\/2024\/04\/cuisine-moderne_02.webp\",\"width\":1920,\"height\":1440,\"caption\":\"Cuisine moderne\"},{\"@type\":\"BreadcrumbList\",\"@id\":\"https:\/\/www.woodfashion.net\/nl\/nieuws\/wood-fashion-de-keukenspecialist-op-maat-in-waterloo\/#breadcrumb\",\"itemListElement\":[{\"@type\":\"ListItem\",\"position\":1,\"name\":\"Accueil\",\"item\":\"https:\/\/www.woodfashion.net\/nl\/\"},{\"@type\":\"ListItem\",\"position\":2,\"name\":\"Wood Fashion, de keukenspecialist op maat in Waterloo\"}]},{\"@type\":\"WebSite\",\"@id\":\"https:\/\/www.woodfashion.net\/nl\/#website\",\"url\":\"https:\/\/www.woodfashion.net\/nl\/\",\"name\":\"Wood Fashion\",\"description\":\"\",\"publisher\":{\"@id\":\"https:\/\/www.woodfashion.net\/nl\/#organization\"},\"potentialAction\":[{\"@type\":\"SearchAction\",\"target\":{\"@type\":\"EntryPoint\",\"urlTemplate\":\"https:\/\/www.woodfashion.net\/nl\/?s={search_term_string}\"},\"query-input\":{\"@type\":\"PropertyValueSpecification\",\"valueRequired\":true,\"valueName\":\"search_term_string\"}}],\"inLanguage\":\"nl-NL\"},{\"@type\":\"Organization\",\"@id\":\"https:\/\/www.woodfashion.net\/nl\/#organization\",\"name\":\"Wood Fashion\",\"url\":\"https:\/\/www.woodfashion.net\/nl\/\",\"logo\":{\"@type\":\"ImageObject\",\"inLanguage\":\"nl-NL\",\"@id\":\"https:\/\/www.woodfashion.net\/nl\/#\/schema\/logo\/image\/\",\"url\":\"https:\/\/www.woodfashion.net\/wp-content\/uploads\/2024\/03\/logo_wood-fashion_black.svg\",\"contentUrl\":\"https:\/\/www.woodfashion.net\/wp-content\/uploads\/2024\/03\/logo_wood-fashion_black.svg\",\"width\":1,\"height\":1,\"caption\":\"Wood Fashion\"},\"image\":{\"@id\":\"https:\/\/www.woodfashion.net\/nl\/#\/schema\/logo\/image\/\"},\"sameAs\":[\"https:\/\/www.facebook.com\/Wood-Fashion-115887340255975\",\"https:\/\/www.instagram.com\/woodfashion1\/\"]},{\"@type\":\"Person\",\"@id\":\"https:\/\/www.woodfashion.net\/nl\/#\/schema\/person\/fd17ac858f9e567c0093d9976d759081\",\"name\":\"Bluebook\",\"sameAs\":[\"https:\/\/www.woodfashion.net\"],\"url\":\"https:\/\/www.woodfashion.net\/nl\/author\/bluebook\/\"}]}<\/script>\n<!-- \/ Yoast SEO plugin. -->","yoast_head_json":{"title":"Wood Fashion | Wood Fashion, de keukenspecialist op maat in Waterloo","description":"Donnez vie \u00e0 votre projet d'am\u00e9nagement de cuisine, salle de bain, dressing, rangements avec Wood Fashion le sp\u00e9cialiste des meubles sur mesure \u00e0 Waterloo !","robots":{"index":"noindex","follow":"follow"},"og_locale":"nl_NL","og_type":"article","og_title":"Wood Fashion | Wood Fashion, de keukenspecialist op maat in Waterloo","og_description":"Donnez vie \u00e0 votre projet d'am\u00e9nagement de cuisine, salle de bain, dressing, rangements avec Wood Fashion le sp\u00e9cialiste des meubles sur mesure \u00e0 Waterloo !","og_url":"https:\/\/www.woodfashion.net\/nl\/nieuws\/wood-fashion-de-keukenspecialist-op-maat-in-waterloo\/","og_site_name":"Wood Fashion","article_publisher":"https:\/\/www.facebook.com\/Wood-Fashion-115887340255975","article_published_time":"2023-03-05T23:00:43+00:00","article_modified_time":"2024-05-16T07:30:14+00:00","og_image":[{"width":1920,"height":1440,"url":"https:\/\/www.woodfashion.net\/wp-content\/uploads\/2024\/04\/cuisine-moderne_02.webp","type":"image\/webp"}],"author":"Bluebook","twitter_card":"summary_large_image","twitter_misc":{"Geschreven door":"Bluebook","Geschatte leestijd":"4 minuten"},"schema":{"@context":"https:\/\/schema.org","@graph":[{"@type":"Article","@id":"https:\/\/www.woodfashion.net\/nl\/nieuws\/wood-fashion-de-keukenspecialist-op-maat-in-waterloo\/#article","isPartOf":{"@id":"https:\/\/www.woodfashion.net\/nl\/nieuws\/wood-fashion-de-keukenspecialist-op-maat-in-waterloo\/"},"author":{"name":"Bluebook","@id":"https:\/\/www.woodfashion.net\/nl\/#\/schema\/person\/fd17ac858f9e567c0093d9976d759081"},"headline":"Wood Fashion, de keukenspecialist op maat in Waterloo","datePublished":"2023-03-05T23:00:43+00:00","dateModified":"2024-05-16T07:30:14+00:00","mainEntityOfPage":{"@id":"https:\/\/www.woodfashion.net\/nl\/nieuws\/wood-fashion-de-keukenspecialist-op-maat-in-waterloo\/"},"wordCount":998,"publisher":{"@id":"https:\/\/www.woodfashion.net\/nl\/#organization"},"image":{"@id":"https:\/\/www.woodfashion.net\/nl\/nieuws\/wood-fashion-de-keukenspecialist-op-maat-in-waterloo\/#primaryimage"},"thumbnailUrl":"https:\/\/www.woodfashion.net\/wp-content\/uploads\/2024\/04\/cuisine-moderne_02.webp","articleSection":["Nieuws"],"inLanguage":"nl-NL"},{"@type":"WebPage","@id":"https:\/\/www.woodfashion.net\/nl\/nieuws\/wood-fashion-de-keukenspecialist-op-maat-in-waterloo\/","url":"https:\/\/www.woodfashion.net\/nl\/nieuws\/wood-fashion-de-keukenspecialist-op-maat-in-waterloo\/","name":"Wood Fashion | Wood Fashion, de keukenspecialist op maat in Waterloo","isPartOf":{"@id":"https:\/\/www.woodfashion.net\/nl\/#website"},"primaryImageOfPage":{"@id":"https:\/\/www.woodfashion.net\/nl\/nieuws\/wood-fashion-de-keukenspecialist-op-maat-in-waterloo\/#primaryimage"},"image":{"@id":"https:\/\/www.woodfashion.net\/nl\/nieuws\/wood-fashion-de-keukenspecialist-op-maat-in-waterloo\/#primaryimage"},"thumbnailUrl":"https:\/\/www.woodfashion.net\/wp-content\/uploads\/2024\/04\/cuisine-moderne_02.webp","datePublished":"2023-03-05T23:00:43+00:00","dateModified":"2024-05-16T07:30:14+00:00","description":"Donnez vie \u00e0 votre projet d'am\u00e9nagement de cuisine, salle de bain, dressing, rangements avec Wood Fashion le sp\u00e9cialiste des meubles sur mesure \u00e0 Waterloo !","breadcrumb":{"@id":"https:\/\/www.woodfashion.net\/nl\/nieuws\/wood-fashion-de-keukenspecialist-op-maat-in-waterloo\/#breadcrumb"},"inLanguage":"nl-NL","potentialAction":[{"@type":"ReadAction","target":["https:\/\/www.woodfashion.net\/nl\/nieuws\/wood-fashion-de-keukenspecialist-op-maat-in-waterloo\/"]}]},{"@type":"ImageObject","inLanguage":"nl-NL","@id":"https:\/\/www.woodfashion.net\/nl\/nieuws\/wood-fashion-de-keukenspecialist-op-maat-in-waterloo\/#primaryimage","url":"https:\/\/www.woodfashion.net\/wp-content\/uploads\/2024\/04\/cuisine-moderne_02.webp","contentUrl":"https:\/\/www.woodfashion.net\/wp-content\/uploads\/2024\/04\/cuisine-moderne_02.webp","width":1920,"height":1440,"caption":"Cuisine moderne"},{"@type":"BreadcrumbList","@id":"https:\/\/www.woodfashion.net\/nl\/nieuws\/wood-fashion-de-keukenspecialist-op-maat-in-waterloo\/#breadcrumb","itemListElement":[{"@type":"ListItem","position":1,"name":"Accueil","item":"https:\/\/www.woodfashion.net\/nl\/"},{"@type":"ListItem","position":2,"name":"Wood Fashion, de keukenspecialist op maat in Waterloo"}]},{"@type":"WebSite","@id":"https:\/\/www.woodfashion.net\/nl\/#website","url":"https:\/\/www.woodfashion.net\/nl\/","name":"Wood Fashion","description":"","publisher":{"@id":"https:\/\/www.woodfashion.net\/nl\/#organization"},"potentialAction":[{"@type":"SearchAction","target":{"@type":"EntryPoint","urlTemplate":"https:\/\/www.woodfashion.net\/nl\/?s={search_term_string}"},"query-input":{"@type":"PropertyValueSpecification","valueRequired":true,"valueName":"search_term_string"}}],"inLanguage":"nl-NL"},{"@type":"Organization","@id":"https:\/\/www.woodfashion.net\/nl\/#organization","name":"Wood Fashion","url":"https:\/\/www.woodfashion.net\/nl\/","logo":{"@type":"ImageObject","inLanguage":"nl-NL","@id":"https:\/\/www.woodfashion.net\/nl\/#\/schema\/logo\/image\/","url":"https:\/\/www.woodfashion.net\/wp-content\/uploads\/2024\/03\/logo_wood-fashion_black.svg","contentUrl":"https:\/\/www.woodfashion.net\/wp-content\/uploads\/2024\/03\/logo_wood-fashion_black.svg","width":1,"height":1,"caption":"Wood Fashion"},"image":{"@id":"https:\/\/www.woodfashion.net\/nl\/#\/schema\/logo\/image\/"},"sameAs":["https:\/\/www.facebook.com\/Wood-Fashion-115887340255975","https:\/\/www.instagram.com\/woodfashion1\/"]},{"@type":"Person","@id":"https:\/\/www.woodfashion.net\/nl\/#\/schema\/person\/fd17ac858f9e567c0093d9976d759081","name":"Bluebook","sameAs":["https:\/\/www.woodfashion.net"],"url":"https:\/\/www.woodfashion.net\/nl\/author\/bluebook\/"}]}},"_links":{"self":[{"href":"https:\/\/www.woodfashion.net\/nl\/wp-json\/wp\/v2\/posts\/5171","targetHints":{"allow":["GET"]}}],"collection":[{"href":"https:\/\/www.woodfashion.net\/nl\/wp-json\/wp\/v2\/posts"}],"about":[{"href":"https:\/\/www.woodfashion.net\/nl\/wp-json\/wp\/v2\/types\/post"}],"author":[{"embeddable":true,"href":"https:\/\/www.woodfashion.net\/nl\/wp-json\/wp\/v2\/users\/1"}],"replies":[{"embeddable":true,"href":"https:\/\/www.woodfashion.net\/nl\/wp-json\/wp\/v2\/comments?post=5171"}],"version-history":[{"count":5,"href":"https:\/\/www.woodfashion.net\/nl\/wp-json\/wp\/v2\/posts\/5171\/revisions"}],"predecessor-version":[{"id":5427,"href":"https:\/\/www.woodfashion.net\/nl\/wp-json\/wp\/v2\/posts\/5171\/revisions\/5427"}],"wp:featuredmedia":[{"embeddable":true,"href":"https:\/\/www.woodfashion.net\/nl\/wp-json\/wp\/v2\/media\/4627"}],"wp:attachment":[{"href":"https:\/\/www.woodfashion.net\/nl\/wp-json\/wp\/v2\/media?parent=5171"}],"wp:term":[{"taxonomy":"category","embeddable":true,"href":"https:\/\/www.woodfashion.net\/nl\/wp-json\/wp\/v2\/categories?post=5171"},{"taxonomy":"post_tag","embeddable":true,"href":"https:\/\/www.woodfashion.net\/nl\/wp-json\/wp\/v2\/tags?post=5171"}],"curies":[{"name":"wp","href":"https:\/\/api.w.org\/{rel}","templated":true}]}}